{"id":19026,"date":"2018-09-07T11:47:00","date_gmt":"2018-09-07T11:47:00","guid":{"rendered":"http:\/\/v3.aysegulzengin.av.tr\/?p=19026"},"modified":"2023-11-03T06:59:38","modified_gmt":"2023-11-03T06:59:38","slug":"isverenin-kisisel-verileri-koruma-yukumlulugu","status":"publish","type":"post","link":"https:\/\/aysegulzengin.av.tr\/tr\/isverenin-kisisel-verileri-koruma-yukumlulugu\/","title":{"rendered":"\u0130\u015fverenin Ki\u015fisel Verileri Koruma Y\u00fck\u00fcml\u00fcl\u00fc\u011f\u00fc"},"content":{"rendered":"\t\t<div data-elementor-type=\"wp-post\" data-elementor-id=\"19026\" class=\"elementor elementor-19026\">\n\t\t\t\t\t\t\t\t\t<section class=\"elementor-section elementor-top-section elementor-element elementor-element-4c357c25 elementor-section-boxed elementor-section-height-default elementor-section-height-default sc_fly_static\" data-id=\"4c357c25\" data-element_type=\"section\">\n\t\t\t\t\t\t<div class=\"elementor-container elementor-column-gap-extended\">\n\t\t\t\t\t<div class=\"elementor-column elementor-col-100 elementor-top-column elementor-element elementor-element-3c780bf7 sc_inner_width_none sc_content_align_inherit sc_layouts_column_icons_position_left sc_fly_static\" data-id=\"3c780bf7\" data-element_type=\"column\">\n\t\t\t<div class=\"elementor-widget-wrap elementor-element-populated\">\n\t\t\t\t\t\t\t\t<div class=\"elementor-element elementor-element-180270c4 sc_fly_static elementor-widget elementor-widget-text-editor\" data-id=\"180270c4\" data-element_type=\"widget\" data-widget_type=\"text-editor.default\">\n\t\t\t\t<div class=\"elementor-widget-container\">\n\t\t\t\t\t\t\t<p><strong><!-- wp:paragraph --><\/strong><\/p>\n<p><span class=\"trx_addons_dropcap trx_addons_dropcap_style_2\">K<\/span><\/p>\n<p>i\u015fisel verilerin korunmas\u0131, g\u00fcncelli\u011fini ve \u00f6nemini korumaya devam ediyor. Bu konuda en \u00f6nemli y\u00fck\u00fcml\u00fcl\u00fcklerden birini ise i\u015fverenlerin ki\u015fisel verileri koruma y\u00fck\u00fcml\u00fcl\u00fc\u011f\u00fc olu\u015fturuyor. Ayr\u0131ca \u0130\u015f Kanunu m.75 gere\u011fince de i\u015fverenlerin, i\u015f\u00e7i hakk\u0131nda edindi\u011fi bilgileri saklama ve a\u00e7\u0131klamama y\u00fck\u00fcml\u00fcl\u00fc\u011f\u00fc bulunuyor.<\/p>\n<p>Bilindi\u011fi \u00fczere, Ki\u015fisel Verilerin Korunmas\u0131 Kanunu&#8217;nun getirdi\u011fi en \u00f6nemli y\u00fck\u00fcml\u00fcl\u00fck, veri sorumlular\u0131n\u0131n edindikleri ki\u015fisel verileri i\u015flemeden \u00f6nce a\u00e7\u0131k r\u0131za alma y\u00fck\u00fcml\u00fcl\u00fc\u011f\u00fc. Bu y\u00fck\u00fcml\u00fcl\u00fc\u011f\u00fcn istisnalar\u0131ndan birini, bir s\u00f6zle\u015fmenin kurulmas\u0131 veya ifas\u0131yla do\u011frudan do\u011fruya ilgili olmas\u0131 kayd\u0131yla, s\u00f6zle\u015fmenin taraflar\u0131na ait ki\u015fisel verilerinin i\u015flenmesi durumu olu\u015fturuyor.<\/p>\n<p>Bu istisna, i\u015f\u00e7i ile i\u015fveren aras\u0131nda kurulacak i\u015f s\u00f6zle\u015fmeleri i\u00e7in ve ancak s\u00f6zle\u015fmenin kurulmas\u0131 i\u00e7in gerekli bilgiler i\u00e7in kullan\u0131labilir. Ancak takdir edilmelidir ki, i\u015f s\u00f6zle\u015fmesinin imzalanmas\u0131 a\u015famas\u0131na kadar, i\u015f\u00e7i ile bir\u00e7ok g\u00f6r\u00fc\u015fme yap\u0131l\u0131yor ve i\u015f\u00e7iden bir\u00e7ok bilgi talep ediliyor. \u00a0Hatta \u00f6yle ki bu sorular bazen \u00f6zel hayat\u0131n gizlili\u011fi s\u0131n\u0131r\u0131n\u0131 dahi a\u015fabiliyor. Bu noktada, Ki\u015fisel Verilerin Korunmas\u0131 Hakk\u0131nda Kanun, i\u015f\u00e7iden yaln\u0131zca kullan\u0131m amac\u0131na yani i\u015f\u00e7inin yapaca\u011f\u0131 i\u015fin niteli\u011fine uygun verilerin yine sadece i\u015f\u00e7inin a\u00e7\u0131k r\u0131zas\u0131 ile i\u015flenebilece\u011fini \u00a0vurguluyor. Bu sebeple t\u00fcm i\u015fverenlere, i\u015f g\u00f6r\u00fc\u015fmesinde i\u015f\u00e7iden veri edinmeden \u00f6nce a\u00e7\u0131k r\u0131za almalar\u0131n\u0131 ve kullan\u0131m amac\u0131n\u0131 a\u015fan, e\u015fitlik ilkesi ya da \u00f6zel hayat\u0131n gizlili\u011fine m\u00fcdahale eden verileri i\u015flememesini tavsiye ediyoruz.<\/p>\n<p>\u0130\u015f\u00e7iden ald\u0131\u011f\u0131 a\u00e7\u0131k r\u0131za ile yaln\u0131zca kullan\u0131m amac\u0131na uygun olarak edindi\u011fi verileri i\u015fleyen i\u015fverenin, bu verileri saklama ve kimseyle payla\u015fmama y\u00fck\u00fcml\u00fcl\u00fc\u011f\u00fc bulunuyor. Bu y\u00fck\u00fcml\u00fcl\u00fck, yurtd\u0131\u015f\u0131 merkezli ya da yurtd\u0131\u015f\u0131 ile ortak \u00e7al\u0131\u015fan i\u015fverenler i\u00e7in daha a\u011f\u0131r \u015fartlara tabi iken olas\u0131 bir i\u015fyeri denetlemesi durumunda ise ortadan kalk\u0131yor. Yine ayn\u0131 \u015fekilde, i\u015fverenin sosyal sigorta i\u015flemleri gibi hukuki sorumluluklar\u0131n\u0131 yerine getirmesi i\u00e7in de bu bilgileri payla\u015fma hakk\u0131 bulunuyor.<\/p>\n<p>Burada tart\u0131\u015fmal\u0131 bir husus ise, i\u015fe al\u0131m s\u0131ras\u0131nda bir\u00e7ok \u00f6zge\u00e7mi\u015f toplayan i\u015fverenlerin, i\u015f\u00e7inin a\u00e7\u0131k r\u0131zas\u0131 bulunmas\u0131 halinde, i\u015fe almad\u0131\u011f\u0131 i\u015f\u00e7ilerin \u00f6zge\u00e7mi\u015flerini muhafaza edip edemeyece\u011fi hususu. Bu konuda \u015fahsi g\u00f6r\u00fc\u015f\u00fcm, kanunun ancak kullan\u0131m amac\u0131na uygun verilerin i\u015flenebilece\u011fi s\u0131n\u0131r\u0131n\u0131 \u00e7izmesi sebebi ile, incelendikten sonra i\u015f ili\u015fkisi kurulmayan \u00f6zge\u00e7mi\u015flerin ileride de\u011ferlendirilmek \u00fczere i\u015fveren taraf\u0131ndan muhafazas\u0131n\u0131n kanuna ayk\u0131r\u0131l\u0131k olu\u015fturaca\u011f\u0131 y\u00f6n\u00fcndedir.<\/p>\n<p>Son olarak, i\u015f\u00e7i hakk\u0131nda edindi\u011fi ki\u015fisel verileri korumayan i\u015fveren i\u00e7in kanunda, 1 y\u0131ldan 3 y\u0131la kadar hapis cezas\u0131na varan yapt\u0131r\u0131mlar\u0131n \u00f6ng\u00f6r\u00fcld\u00fc\u011f\u00fc tekrar belirtmemiz gerekiyor. Koruma y\u00fck\u00fcml\u00fcl\u00fc\u011f\u00fcne uyulmayan verilerin, ki\u015filerin \u0131rk\u0131, etnik k\u00f6keni, siyasi d\u00fc\u015f\u00fcncesi, felsefi inanc\u0131, dini, mezhebi veya di\u011fer inan\u00e7lar\u0131, k\u0131l\u0131k ve k\u0131yafeti, dernek, vak\u0131f ya da sendika \u00fcyeli\u011fi, sa\u011fl\u0131\u011f\u0131, cinsel hayat\u0131, ceza mahk\u00fbmiyeti ve g\u00fcvenlik tedbirleriyle ilgili verileri ile biyometrik ve genetik verileri gibi \u00f6zel nitelikli veriler olmas\u0131 halinde ise bu yapt\u0131r\u0131mlar\u0131n oran\u0131 yar\u0131 oran\u0131nda artt\u0131r\u0131l\u0131yor.<\/p>\t\t\t\t\t\t<\/div>\n\t\t\t\t<\/div>\n\t\t\t\t\t<\/div>\n\t\t<\/div>\n\t\t\t\t\t\t\t<\/div>\n\t\t<\/section>\n\t\t\t\t\t\t\t<\/div>\n\t\t","protected":false},"excerpt":{"rendered":"<p>K i\u015fisel verilerin korunmas\u0131, g\u00fcncelli\u011fini ve \u00f6nemini korumaya devam ediyor. Bu konuda en \u00f6nemli y\u00fck\u00fcml\u00fcl\u00fcklerden birini ise i\u015fverenlerin ki\u015fisel verileri koruma y\u00fck\u00fcml\u00fcl\u00fc\u011f\u00fc olu\u015fturuyor. Ayr\u0131ca \u0130\u015f Kanunu m.75 gere\u011fince de i\u015fverenlerin,&hellip;<\/p>\n","protected":false},"author":1,"featured_media":19212,"comment_status":"closed","ping_status":"closed","sticky":false,"template":"","format":"standard","meta":{"footnotes":""},"categories":[193,189],"tags":[],"class_list":["post-19026","post","type-post","status-publish","format-standard","has-post-thumbnail","hentry","category-kvkk","category-makaleler"],"_links":{"self":[{"href":"https:\/\/aysegulzengin.av.tr\/tr\/wp-json\/wp\/v2\/posts\/19026","targetHints":{"allow":["GET"]}}],"collection":[{"href":"https:\/\/aysegulzengin.av.tr\/tr\/wp-json\/wp\/v2\/posts"}],"about":[{"href":"https:\/\/aysegulzengin.av.tr\/tr\/wp-json\/wp\/v2\/types\/post"}],"author":[{"embeddable":true,"href":"https:\/\/aysegulzengin.av.tr\/tr\/wp-json\/wp\/v2\/users\/1"}],"replies":[{"embeddable":true,"href":"https:\/\/aysegulzengin.av.tr\/tr\/wp-json\/wp\/v2\/comments?post=19026"}],"version-history":[{"count":5,"href":"https:\/\/aysegulzengin.av.tr\/tr\/wp-json\/wp\/v2\/posts\/19026\/revisions"}],"predecessor-version":[{"id":19214,"href":"https:\/\/aysegulzengin.av.tr\/tr\/wp-json\/wp\/v2\/posts\/19026\/revisions\/19214"}],"wp:featuredmedia":[{"embeddable":true,"href":"https:\/\/aysegulzengin.av.tr\/tr\/wp-json\/wp\/v2\/media\/19212"}],"wp:attachment":[{"href":"https:\/\/aysegulzengin.av.tr\/tr\/wp-json\/wp\/v2\/media?parent=19026"}],"wp:term":[{"taxonomy":"category","embeddable":true,"href":"https:\/\/aysegulzengin.av.tr\/tr\/wp-json\/wp\/v2\/categories?post=19026"},{"taxonomy":"post_tag","embeddable":true,"href":"https:\/\/aysegulzengin.av.tr\/tr\/wp-json\/wp\/v2\/tags?post=19026"}],"curies":[{"name":"wp","href":"https:\/\/api.w.org\/{rel}","templated":true}]}}